{"id":1144,"date":"2026-04-28T00:48:26","date_gmt":"2026-04-28T00:48:26","guid":{"rendered":"https:\/\/behcetsahin.com\/estetik-ve-fonksiyonel-burun-ameliyati-ayni-anda-yapilabilir-mi\/"},"modified":"2026-04-28T00:59:28","modified_gmt":"2026-04-28T00:59:28","slug":"koennen-aesthetische-und-funktionelle-nasenkorrekturen-gleichzeitig-durchgefuehrt-werden","status":"publish","type":"post","link":"https:\/\/behcetsahin.com\/de\/koennen-aesthetische-und-funktionelle-nasenkorrekturen-gleichzeitig-durchgefuehrt-werden\/","title":{"rendered":"K\u00f6nnen \u00e4sthetische und funktionelle Nasenkorrekturen gleichzeitig durchgef\u00fchrt werden?"},"content":{"rendered":"\n<p>Die Nase ist nicht nur ein \u00e4sthetischer Mittelpunkt im Gesicht, sondern auch der Ausgangspunkt f\u00fcr eine der lebenswichtigsten Funktionen unseres K\u00f6rpers: die Atmung. Viele Menschen sind beim Blick in den Spiegel unzufrieden mit der Form ihrer Nase, k\u00e4mpfen aber gleichzeitig mit \u201eunsichtbaren\u201c Gesundheitsproblemen wie chronischer Verstopfung der Nase, Schlafapnoe, Schnarchen oder morgendlicher M\u00fcdigkeit. Eine der am h\u00e4ufigsten gestellten Fragen in der modernen Medizin lautet: <strong>\u201eMuss ich f\u00fcr meine Atemprobleme und meine \u00e4sthetischen Bedenken separate Operationen durchf\u00fchren lassen?\u201c<\/strong><\/p>\n\n\n\n<p>Die Antwort ist klar und deutlich: <strong>Nein.<\/strong> Dank moderner chirurgischer Techniken k\u00f6nnen \u00e4sthetische und funktionelle Nasenoperationen nicht nur gleichzeitig durchgef\u00fchrt werden; es gilt heute als ideal, die Nase in ihrer Gesamtheit \u2013 sowohl innen als auch au\u00dfen \u2013 in einer einzigen Sitzung zu korrigieren. <strong>Op. Dr. Beh\u00e7et \u015eahin<\/strong> hat seine chirurgische Philosophie auf diesem ganzheitlichen Gleichgewicht aufgebaut. Seiner Ansicht nach kann eine Nase, die im Inneren nicht gesund ist, \u00e4u\u00dferlich nicht perfekt aussehen; \u00e4u\u00dfere Kr\u00fcmmungen sind oft ein Spiegelbild innerer Blockaden. Die fortschrittliche Vision der Nasenchirurgie in der T\u00fcrkei erm\u00f6glicht es den Patienten, beide Probleme in einem einzigen Heilungsprozess zu l\u00f6sen.<\/p>\n\n\n\n<h3 class=\"wp-block-heading\"><strong>Septorhinoplastik: Die perfekte Harmonie von Form und Funktion<\/strong><\/h3>\n\n\n\n<p>Die Operation, bei der ein \u00e4sthetischer Eingriff (<strong>Rhinoplastik<\/strong>) mit einer funktionellen Korrektur (<strong>Septoplastik<\/strong>) kombiniert wird, nennt man in der Fachsprache <strong>Septorhinoplastik<\/strong>. Dieser Eingriff erfordert vom Chirurgen, wie ein Architekt zu arbeiten: die \u00e4u\u00dfere Fassade der Nase zu versch\u00f6nern und gleichzeitig die inneren St\u00fctzen (Atemwege) zu verst\u00e4rken.<\/p>\n\n\n\n<p>Patienten, die in der T\u00fcrkei eine <strong>Nasenkorrektur<\/strong> suchen, berichten oft, dass in den Gesundheitssystemen ihrer Heimatl\u00e4nder \u00e4sthetische und funktionelle Probleme meist als getrennte Operationen geplant werden. Mit dem modernen Ansatz in der T\u00fcrkei geh\u00f6ren diese beiden Probleme jedoch durch einen einzigen Eingriff der Vergangenheit an.<\/p>\n\n\n\n<h4 class=\"wp-block-heading\"><strong><em>1. Innere Struktur: Funktionelle Regulierung<\/em><\/strong><\/h4>\n\n\n\n<p>Im funktionellen Teil der Operation werden Probleme behoben, die die Lebensqualit\u00e4t des Patienten einschr\u00e4nken:<\/p>\n\n\n\n<ul class=\"wp-block-list\">\n<li><strong>Septumdeviation:<\/strong> Die Kr\u00fcmmung der Nasenscheidewand (Septum) aus Knorpel und Knochen wird begradigt, um den Luftstrom zu optimieren.<\/li>\n\n\n\n<li><strong>Nasenmuschel-Hypertrophie:<\/strong> Die Verkleinerung der im Volksmund als \u201eNasenfleisch\u201c bekannten Strukturen, die oft durch Allergien vergr\u00f6\u00dfert sind, wird sichergestellt.<\/li>\n\n\n\n<li><strong>Klappeninsuffizienz:<\/strong> Das Kollabieren der Nasenfl\u00fcgel beim Einatmen (Nasenklappenstenose) wird durch Knorpelst\u00fctzen verhindert.<\/li>\n<\/ul>\n\n\n\n<h4 class=\"wp-block-heading\"><strong><em>2. \u00c4u\u00dfere Struktur: \u00c4sthetische Gestaltung<\/em><\/strong><\/h4>\n\n\n\n<p>Im \u00e4sthetischen Teil werden unter Ber\u00fccksichtigung der Gesichtsharmonie und des Goldenen Schnitts folgende Korrekturen vorgenommen:<\/p>\n\n\n\n<ul class=\"wp-block-list\">\n<li>Gl\u00e4ttung des Nasenh\u00f6ckers (Hump).<\/li>\n\n\n\n<li>Anhebung, Verengung und Anpassung einer h\u00e4ngenden oder breiten Nasenspitze.<\/li>\n\n\n\n<li>Beseitigung von Asymmetrien an den Nasenl\u00f6chern.<\/li>\n<\/ul>\n\n\n\n<p><strong>Op. Dr. Beh\u00e7et \u015eahin<\/strong> verwendet die bei der Korrektur der inneren Kr\u00fcmmungen gewonnenen gesunden Gewebe als \u201e<strong>nat\u00fcrliche Grafts<\/strong>\u201c (Transplantate), um die \u00e4sthetische Form der Nase zu unterst\u00fctzen. Dadurch sieht Ihre Nase nicht nur besser aus, sondern wird auch strukturell widerstandsf\u00e4higer.<\/p>\n\n\n\n<h3 class=\"wp-block-heading\"><strong>Gesundheitszentrum Europas: Warum die T\u00fcrkei?<\/strong><\/h3>\n\n\n\n<p>In vielen europ\u00e4ischen Gesundheitssystemen wird oft empfohlen, \u00e4sthetische und funktionelle Operationen von verschiedenen Fach\u00e4rzten (HNO-Arzt und plastischer Chirurg) zu unterschiedlichen Zeiten durchf\u00fchren zu lassen. Dies bedeutet f\u00fcr den Patienten zwei Narkosen, ein doppeltes Risiko und zwei lange Genesungsphasen.<\/p>\n\n\n\n<p>Dass in der T\u00fcrkei \u00e4sthetische und funktionelle Chirurgie gleichzeitig und mit modernster Technologie angeboten wird, hat das Land zum prim\u00e4ren Ziel f\u00fcr Patienten aus ganz Europa gemacht. G\u00e4ste aus L\u00e4ndern mit einem sehr hohen \u00e4sthetischen Anspruch wie <strong>Italien<\/strong> oder <strong>Frankreich<\/strong> sch\u00e4tzen diesen ganzheitlichen Ansatz und die chirurgischen Erfolgsraten in der T\u00fcrkei sehr. <strong>Op. Dr. Beh\u00e7et \u015eahin<\/strong> verfolgt das Ziel, sowohl die gesundheitlichen als auch die \u00e4sthetischen Erwartungen von Patienten aus ganz Europa in einem einzigen professionellen Prozess zu erf\u00fcllen.<\/p>\n\n\n\n<h3 class=\"wp-block-heading\"><strong>Technologiegest\u00fctzte Heilung: Piezo-Chirurgie<\/strong><\/h3>\n\n\n\n<p>Ein weiterer Schl\u00fcssel zum Erfolg bei Septorhinoplastik-Operationen ist die eingesetzte Technologie. <strong>Op. Dr. Beh\u00e7et \u015eahin<\/strong> nutzt die <strong>Piezo-Methode<\/strong>, bei der Knochen nicht gebrochen, sondern mit Ultraschallwellen geformt werden. Die Vorteile dieser Technologie sind erheblich:<\/p>\n\n\n\n<ul class=\"wp-block-list\">\n<li><strong>Schonung von Schleimhaut und Weichteilen:<\/strong> Die empfindlichen Gewebe im Inneren der Nase und die f\u00fcr die Atemwege lebenswichtige Schleimhaut werden nicht besch\u00e4digt. Dies erm\u00f6glicht eine deutlich schnellere Normalisierung der Atmung nach der OP.<\/li>\n\n\n\n<li><strong>Millimetergenaue Pr\u00e4zision:<\/strong> Sowohl innere Blockaden als auch \u00e4u\u00dfere Formfehler werden mit h\u00f6chster Genauigkeit korrigiert.<\/li>\n\n\n\n<li><strong>Schnelle R\u00fcckkehr in den Alltag:<\/strong> Da Blutgef\u00e4\u00dfe geschont werden, bleiben Schwellungen und Bluterg\u00fcsse minimal. Dies ist ein gro\u00dfer Vorteil f\u00fcr Patienten, die im Rahmen des <strong>Medizintourismus<\/strong> aus dem Ausland kommen und nur begrenzte Zeit haben.<\/li>\n<\/ul>\n\n\n\n<h3 class=\"wp-block-heading\"><strong>Internationaler Medizintourismus: Digitale Vorbereitung und Nachsorge<\/strong><\/h3>\n\n\n\n<p>F\u00fcr Patienten, die aus europ\u00e4ischen St\u00e4dten in die T\u00fcrkei reisen, beginnt der Prozess bereits vor der Flugbuchung. Durch Online-Konsultationen im Rahmen des Medizintourismus:<\/p>\n\n\n\n<ol class=\"wp-block-list\">\n<li>Wird die \u00e4u\u00dfere Nasenstruktur anhand von Fotos analysiert.<\/li>\n\n\n\n<li>Werden Atembeschwerden und die Krankengeschichte detailliert besprochen.<\/li>\n\n\n\n<li>Wird der Umfang der Operation festgelegt, sodass der Patient transparente Informationen erh\u00e4lt.<\/li>\n<\/ol>\n\n\n\n<h3 class=\"wp-block-heading\"><strong>Gesundheit und Sch\u00f6nheit vereint<\/strong><\/h3>\n\n\n\n<p>Wenn Sie der H\u00f6cker auf Ihrer Nase optisch st\u00f6rt und Sie gleichzeitig beim Schlafen oder Sport Atembeschwerden haben, m\u00fcssen Sie diese beiden Probleme nicht getrennt voneinander betrachten. Unter der Leitung von <strong>Op. Dr. Beh\u00e7et \u015eahin<\/strong> und mit den globalen chirurgischen Standards in der T\u00fcrkei k\u00f6nnen Sie eine Nase erhalten, die Sie beim Blick in den Spiegel gl\u00fccklich macht und Ihnen beim Atmen Freiheit schenkt.<\/p>\n\n\n\n<p><strong>Eine Nasenkorrektur ist nicht nur eine Sch\u00f6nheitsoperation, sondern eine Investition in Ihre Gesundheit, die Ihre Lebensqualit\u00e4t steigert und daf\u00fcr sorgt, dass Sie sich ges\u00fcnder und energiegeladener f\u00fchlen.<\/strong><\/p>\n","protected":false},"excerpt":{"rendered":"<p>Die Nase ist nicht nur ein \u00e4sthetischer Mittelpunkt im Gesicht, sondern auch der Ausgangspunkt f\u00fcr eine der lebenswichtigsten Funktionen unseres K\u00f6rpers: die Atmung. Viele Menschen sind<span class=\"excerpt-hellip\"> [\u2026]<\/span><\/p>\n","protected":false},"author":1,"featured_media":369,"comment_status":"closed","ping_status":"open","sticky":false,"template":"","format":"standard","meta":{"footnotes":""},"categories":[12],"tags":[],"class_list":["post-1144","post","type-post","status-publish","format-standard","has-post-thumbnail","hentry","category-nicht-kategorisiert"],"_links":{"self":[{"href":"https:\/\/behcetsahin.com\/de\/wp-json\/wp\/v2\/posts\/1144","targetHints":{"allow":["GET"]}}],"collection":[{"href":"https:\/\/behcetsahin.com\/de\/wp-json\/wp\/v2\/posts"}],"about":[{"href":"https:\/\/behcetsahin.com\/de\/wp-json\/wp\/v2\/types\/post"}],"author":[{"embeddable":true,"href":"https:\/\/behcetsahin.com\/de\/wp-json\/wp\/v2\/users\/1"}],"replies":[{"embeddable":true,"href":"https:\/\/behcetsahin.com\/de\/wp-json\/wp\/v2\/comments?post=1144"}],"version-history":[{"count":2,"href":"https:\/\/behcetsahin.com\/de\/wp-json\/wp\/v2\/posts\/1144\/revisions"}],"predecessor-version":[{"id":1159,"href":"https:\/\/behcetsahin.com\/de\/wp-json\/wp\/v2\/posts\/1144\/revisions\/1159"}],"wp:featuredmedia":[{"embeddable":true,"href":"https:\/\/behcetsahin.com\/de\/wp-json\/wp\/v2\/media\/369"}],"wp:attachment":[{"href":"https:\/\/behcetsahin.com\/de\/wp-json\/wp\/v2\/media?parent=1144"}],"wp:term":[{"taxonomy":"category","embeddable":true,"href":"https:\/\/behcetsahin.com\/de\/wp-json\/wp\/v2\/categories?post=1144"},{"taxonomy":"post_tag","embeddable":true,"href":"https:\/\/behcetsahin.com\/de\/wp-json\/wp\/v2\/tags?post=1144"}],"curies":[{"name":"wp","href":"https:\/\/api.w.org\/{rel}","templated":true}]}}