{"id":1140,"date":"2026-04-28T00:46:33","date_gmt":"2026-04-28T00:46:33","guid":{"rendered":"https:\/\/behcetsahin.com\/burun-estetigi-sonrasi-sislik-ve-morluklar-ne-zaman-gecer-kapsamli-iyilesme-sureci-rehberi\/"},"modified":"2026-04-28T00:57:05","modified_gmt":"2026-04-28T00:57:05","slug":"schwellungen-und-haematome-nach-einer-nasenkorrektur-ein-umfassender-leitfaden-zum-heilungsprozess","status":"publish","type":"post","link":"https:\/\/behcetsahin.com\/de\/schwellungen-und-haematome-nach-einer-nasenkorrektur-ein-umfassender-leitfaden-zum-heilungsprozess\/","title":{"rendered":"Schwellungen und H\u00e4matome nach einer Nasenkorrektur: Ein umfassender Leitfaden zum Heilungsprozess"},"content":{"rendered":"\n<p>Eine der wichtigsten Fragen f\u00fcr Patienten, die eine Nasenkorrektur (Rhinoplastik) planen, betrifft die sichtbaren Ver\u00e4nderungen im Gesicht unmittelbar nach der Operation. Fragen wie \u201eWas werde ich im Spiegel sehen?\u201c oder \u201eWann kann ich wieder unter Menschen gehen?\u201c sind besonders f\u00fcr Personen entscheidend, die schnell in ihren sozialen Alltag zur\u00fcckkehren m\u00f6chten. <strong>Op. Dr. Beh\u00e7et \u015eahin<\/strong> betont seinen Patienten gegen\u00fcber, dass dieser Prozess ein v\u00f6llig nat\u00fcrlicher und vor\u00fcbergehender Teil der chirurgischen Heilung ist und dass dank moderner Techniken die \u201egef\u00fcrchteten\u201c massiven Bluterg\u00fcsse der Vergangenheit angeh\u00f6ren.<\/p>\n\n\n\n<p>Der globale Erfolg \u00e4sthetischer Operationen in der <strong>T\u00fcrkei<\/strong> basiert nicht nur auf chirurgischem Geschick, sondern auch auf gewebeschonenden Technologien, die den Komfort und die Heilungsgeschwindigkeit des Patienten erh\u00f6hen. Doch wie sieht der Zeitplan f\u00fcr Schwellungen und H\u00e4matome nach einer Rhinoplastik aus? Hier ist Ihr Leitfaden \u2013 von Tag zu Tag, von Monat zu Monat:<\/p>\n\n\n\n<h3 class=\"wp-block-heading\"><strong>Die ersten 72 Stunden: Der H\u00f6hepunkt von \u00d6demen und H\u00e4matomen<\/strong><\/h3>\n\n\n\n<p>In den ersten drei Tagen nach der Operation aktiviert der K\u00f6rper seine Abwehrmechanismen gegen das chirurgische Trauma. In dieser Phase k\u00f6nnen sich Schwellungen und blaue Flecken (H\u00e4matome), auch bedingt durch die Schwerkraft, um die Augenpartie konzentrieren.<\/p>\n\n\n\n<ul class=\"wp-block-list\">\n<li><strong>Der Unterschied der Piezo-Technologie:<\/strong> Bei traditionellen Methoden wurden die Knochen mit Mei\u00dfel und Hammer bearbeitet, was oft zu Gef\u00e4\u00dfsch\u00e4digungen f\u00fchrte. <strong>Op. Dr. Beh\u00e7et \u015eahin<\/strong> nutzt jedoch die <strong>Piezo-Chirurgie<\/strong>, die Knochen mittels Ultraschallwellen formt. Da diese Methode Weichteile und Gef\u00e4\u00dfe schont, erleben Patienten, die f\u00fcr eine Nasenkorrektur in die T\u00fcrkei kommen, diese Phase mit deutlich weniger H\u00e4matomen als bei alten Verfahren.<\/li>\n\n\n\n<li><strong>Die Kraft der K\u00e4lte:<\/strong> Regelm\u00e4\u00dfige K\u00e4lteanwendungen um die Augen in den ersten 48 Stunden verengen die Gef\u00e4\u00dfe und verhindern so eine Ausbreitung der H\u00e4matome sowie extreme Schwellungen.<\/li>\n<\/ul>\n\n\n\n<h3 class=\"wp-block-heading\"><strong>Die erste Woche: Sichtbare Genesung<\/strong><\/h3>\n\n\n\n<p>Am siebten Tag nach der Operation werden die sch\u00fctzende Schiene (Gips) auf der Nase und gegebenenfalls die F\u00e4den entfernt. Dies ist der Moment, in dem Patienten zum ersten Mal ihr neues Nasenprofil sehen.<\/p>\n\n\n\n<ul class=\"wp-block-list\">\n<li><strong>Farbver\u00e4nderung:<\/strong> Die H\u00e4matome verf\u00e4rben sich in dieser Phase meist von Dunkelviolett zu Blau, dann zu Gr\u00fcnlich und Gelblich. Dies ist ein Zeichen daf\u00fcr, dass das Blut vom K\u00f6rper abgebaut wird und die Heilung planm\u00e4\u00dfig verl\u00e4uft.<\/li>\n\n\n\n<li><strong>\u00d6deme nach der Schienenentfernung:<\/strong> Direkt nach der Entfernung kann die Nasenspitze geschwollener und \u201eh\u00f6her\u201c erscheinen als beabsichtigt. Dies ist v\u00f6llig vor\u00fcbergehend; sobald die Haut entlastet ist, verteilen sich die \u00d6deme rasch.<\/li>\n<\/ul>\n\n\n\n<h3 class=\"wp-block-heading\"><strong>Der Heilungszeitplan: Phasen des Abschwellens<\/strong><\/h3>\n\n\n\n<p>Die vollst\u00e4ndige Heilung nach einer Nasenkorrektur ist kein Sprint, sondern ein Marathon, der Geduld erfordert. Die endg\u00fcltige Form der Nase variiert je nach Hautdicke und Umfang des Eingriffs:<\/p>\n\n\n\n<ol class=\"wp-block-list\">\n<li><strong>Monat: R\u00fcckkehr in das soziale Leben<\/strong> Etwa 70 % der groben Gesichtsschwellungen klingen in dieser Zeit ab. Au\u00dfenstehende k\u00f6nnen kaum noch erkennen, dass Sie operiert wurden. Patienten, die aus <strong>Europa zur Rhinoplastik in die T\u00fcrkei<\/strong> kommen, kehren in dieser Phase meist vollst\u00e4ndig in ihren Beruf und Alltag zur\u00fcck.<\/li>\n\n\n\n<li><strong>Monat: Kl\u00e4rung der Konturen<\/strong> Die \u00d6deme \u00fcber der Knochenstruktur nehmen deutlich ab. Die Feinheiten und eleganten Linien des Nasenr\u00fcckens werden sichtbarer. Die Nasenspitze kann jedoch im Vergleich zu anderen Bereichen noch fester und leicht geschwollen bleiben.<\/li>\n\n\n\n<li><strong>Monat: Das Erscheinen der feinen Details<\/strong> Der Gro\u00dfteil der \u00d6deme (ca. 90 %) ist nun verschwunden. Die charakteristische Struktur der Nase verschmilzt vollst\u00e4ndig mit dem Gesicht. Bei Online-Kontrollen in dieser Phase wird die Nat\u00fcrlichkeit des Ergebnisses meist best\u00e4tigt.<\/li>\n\n\n\n<li><strong>12 \u2013 18 Monate: Das Endergebnis<\/strong> Es dauert bis zu einem Jahr, bis die Mikro-\u00d6deme an der Nasenspitze vollst\u00e4ndig abgeklungen sind und sich die Haut perfekt an das neue Knochen-Knorpel-Ger\u00fcst angeschmiegt hat. Bei Patienten mit dicker Haut kann dieser Prozess <strong>1,5 bis 2 Jahre<\/strong> dauern.<\/li>\n<\/ol>\n\n\n\n<h3 class=\"wp-block-heading\"><strong>Goldene Regeln zur Beschleunigung der Heilung<\/strong><\/h3>\n\n\n\n<p>Um das Ergebnis der Operation zu perfektionieren, empfiehlt <strong>Op. Dr. Beh\u00e7et \u015eahin<\/strong> folgende Regeln:<\/p>\n\n\n\n<ul class=\"wp-block-list\">\n<li><strong>Schlafposition:<\/strong> Den Kopf in den ersten Wochen hochlagern (mit zwei Kissen). Die Schwerkraft hilft dabei, die \u00d6deme aus dem Gesichtsbereich abzutransportieren.<\/li>\n\n\n\n<li><strong>Ern\u00e4hrung:<\/strong> Salz bindet Wasser im K\u00f6rper und verst\u00e4rkt \u00d6deme. Eine salzarme Ern\u00e4hrung und viel Wasser f\u00f6rdern das Abschwellen.<\/li>\n\n\n\n<li><strong>Aktivit\u00e4tseinschr\u00e4nkung:<\/strong> Schwere Sportarten, B\u00fccken und hei\u00dfe Umgebungen wie Saunen sollten vermieden werden, da sie den Blutdruck erh\u00f6hen und Schwellungen triggern k\u00f6nnen.<\/li>\n\n\n\n<li><strong>Sonnenschutz:<\/strong> Bis die H\u00e4matome vollst\u00e4ndig abgeklungen sind, ist Sonnenschutz lebenswichtig. UV-Strahlung kann zu Pigmentflecken auf dem heilenden Gewebe f\u00fchren.<\/li>\n<\/ul>\n\n\n\n<h3 class=\"wp-block-heading\"><strong>Internationaler Medizintourismus und digitale Nachsorge<\/strong><\/h3>\n\n\n\n<p>F\u00fcr unsere G\u00e4ste aus ganz Europa endet der Prozess nicht mit der Abreise aus Izmir oder Istanbul. Dank unseres professionellen digitalen Nachsorgesystems k\u00f6nnen Patienten auch nach der R\u00fcckkehr in ihre Heimat den Verlauf der Heilung mittels Fotos und Videoanrufen mit ihrem Chirurgen teilen.<\/p>\n\n\n\n<p>Egal, ob Sie im gesch\u00e4ftigen London oder im ruhigen Z\u00fcrich sind: Die Gewissheit, dass Ihr Chirurg nur einen \u201eKlick\u201c entfernt ist, macht den Prozess psychologisch viel entspannter.<\/p>\n\n\n\n<p><strong>Vor\u00fcbergehende M\u00fche, dauerhafte \u00c4sthetik<\/strong> Schwellungen und H\u00e4matome sind ein kleiner, vor\u00fcbergehender Preis f\u00fcr einen harmonischen Gesichtsausdruck, den Sie ein Leben lang tragen werden. Dank der technologischen M\u00f6glichkeiten in der T\u00fcrkei (wie <strong>Piezo<\/strong>) verl\u00e4uft dieser Prozess heute schneller und schmerzfreier als je zuvor.Wenn auch Sie diesen Wandel in der T\u00fcrkei beginnen m\u00f6chten, kontaktieren Sie uns f\u00fcr einen <strong>individuellen Heilungsplan und eine digitale Analyse<\/strong>. Vergessen Sie nicht: W\u00e4hrend die \u00d6deme jeden Tag weniger werden, kommt darunter Schritt f\u00fcr Schritt das selbstbewusste Profil Ihrer Tr\u00e4ume zum Vorschein.<\/p>\n","protected":false},"excerpt":{"rendered":"<p>Eine der wichtigsten Fragen f\u00fcr Patienten, die eine Nasenkorrektur (Rhinoplastik) planen, betrifft die sichtbaren Ver\u00e4nderungen im Gesicht unmittelbar nach der Operation. Fragen wie \u201eWas werde ich<span class=\"excerpt-hellip\"> [\u2026]<\/span><\/p>\n","protected":false},"author":1,"featured_media":369,"comment_status":"open","ping_status":"open","sticky":false,"template":"","format":"standard","meta":{"footnotes":""},"categories":[12],"tags":[],"class_list":["post-1140","post","type-post","status-publish","format-standard","has-post-thumbnail","hentry","category-nicht-kategorisiert"],"_links":{"self":[{"href":"https:\/\/behcetsahin.com\/de\/wp-json\/wp\/v2\/posts\/1140","targetHints":{"allow":["GET"]}}],"collection":[{"href":"https:\/\/behcetsahin.com\/de\/wp-json\/wp\/v2\/posts"}],"about":[{"href":"https:\/\/behcetsahin.com\/de\/wp-json\/wp\/v2\/types\/post"}],"author":[{"embeddable":true,"href":"https:\/\/behcetsahin.com\/de\/wp-json\/wp\/v2\/users\/1"}],"replies":[{"embeddable":true,"href":"https:\/\/behcetsahin.com\/de\/wp-json\/wp\/v2\/comments?post=1140"}],"version-history":[{"count":2,"href":"https:\/\/behcetsahin.com\/de\/wp-json\/wp\/v2\/posts\/1140\/revisions"}],"predecessor-version":[{"id":1153,"href":"https:\/\/behcetsahin.com\/de\/wp-json\/wp\/v2\/posts\/1140\/revisions\/1153"}],"wp:featuredmedia":[{"embeddable":true,"href":"https:\/\/behcetsahin.com\/de\/wp-json\/wp\/v2\/media\/369"}],"wp:attachment":[{"href":"https:\/\/behcetsahin.com\/de\/wp-json\/wp\/v2\/media?parent=1140"}],"wp:term":[{"taxonomy":"category","embeddable":true,"href":"https:\/\/behcetsahin.com\/de\/wp-json\/wp\/v2\/categories?post=1140"},{"taxonomy":"post_tag","embeddable":true,"href":"https:\/\/behcetsahin.com\/de\/wp-json\/wp\/v2\/tags?post=1140"}],"curies":[{"name":"wp","href":"https:\/\/api.w.org\/{rel}","templated":true}]}}